{"id":10976,"date":"2026-01-23T18:50:46","date_gmt":"2026-01-24T00:50:46","guid":{"rendered":"https:\/\/lapeligrosanororiente.com\/?p=10976"},"modified":"2026-01-23T18:50:46","modified_gmt":"2026-01-24T00:50:46","slug":"luis-fonsi-y-feid-estrenan-cambiare","status":"publish","type":"post","link":"https:\/\/lapeligrosanororiente.com\/?p=10976","title":{"rendered":"LUIS FONSI Y FEID ESTRENAN \u201cCAMBIAR\u00c9\u201d,\u00a0"},"content":{"rendered":"\n<p><strong>UNA COLABORACI\u00d3N VIBRANTE QUE CELEBRA RITMO, RA\u00cdCES Y EVOLUCI\u00d3N<\/strong><\/p>\n\n\n\n<p>En un momento en el que la m\u00fasica se vuelve m\u00e1s necesaria que nunca,&nbsp;<strong>LUIS FONSI&nbsp;<\/strong>arranca el 2026 con una poderosa sorpresa junto a&nbsp;<strong>FEID<\/strong>&nbsp;y estrenan&nbsp;<strong><em>\u201cCambiar\u00e9\u201d<\/em>,&nbsp;<\/strong>una canci\u00f3n que invita a moverse, sentir y reconectar con la alegr\u00eda a trav\u00e9s del ritmo.<\/p>\n\n\n\n<p>Reconocido por su versatilidad y su constante evoluci\u00f3n art\u00edstica, FONSI vuelve a sorprender con un tema que celebra sus ra\u00edces culturales desde una mirada fresca en una colaboraci\u00f3n inesperada y emocionante junto al artista colombiano FEID.<\/p>\n\n\n\n<p><em>\u201cMe hace mucha ilusi\u00f3n escribir e interpretar una canci\u00f3n diferente a lo que llevo haciendo durante estos 27 a\u00f1os de carrera. Siento emoci\u00f3n, nervios, adrenalina; me encanta sentirme as\u00ed. Se siente como empezar de nuevo,\u201d&nbsp;<\/em>explic\u00f3 FONSI.<em>&nbsp;\u201cTodo nace de un lugar de respeto y de celebrar mis ra\u00edces, mi cultura y esa \u2018clave\u2019 que llevo por dentro. Sin riesgo no hay avance y sin valent\u00eda no hay evoluci\u00f3n.\u201d<\/em><\/p>\n\n\n\n<figure class=\"wp-block-image size-full is-resized\"><img loading=\"lazy\" decoding=\"async\" width=\"720\" height=\"714\" src=\"https:\/\/lapeligrosanororiente.com\/wp-content\/uploads\/2026\/01\/image-1.png\" alt=\"\" class=\"wp-image-10977\" style=\"aspect-ratio:1.0080645161290323;width:750px;height:auto\" srcset=\"https:\/\/lapeligrosanororiente.com\/wp-content\/uploads\/2026\/01\/image-1.png 720w, https:\/\/lapeligrosanororiente.com\/wp-content\/uploads\/2026\/01\/image-1-300x298.png 300w, https:\/\/lapeligrosanororiente.com\/wp-content\/uploads\/2026\/01\/image-1-150x150.png 150w\" sizes=\"auto, (max-width: 720px) 100vw, 720px\" \/><\/figure>\n\n\n\n<p><em>\u201cCambiar\u00e9\u201d<\/em>&nbsp;naci\u00f3 durante una sesi\u00f3n de composici\u00f3n en Los \u00c1ngeles junto a&nbsp;<strong>ANDR\u00c9S TORRES&nbsp;<\/strong>y&nbsp;<strong>MAURICIO RENGIFO<\/strong>, colaboradores habituales de FONSI.&nbsp;<em>\u201cYa hab\u00edamos escrito muchas canciones, pero esta se me qued\u00f3 dando vueltas en la cabeza. Cada vez que la cantaba, ped\u00eda ritmo y movimiento. Intent\u00e9 llevarla a otro lugar, pero la canci\u00f3n ten\u00eda su propio camino. Cerr\u00e9 los ojos, me dej\u00e9 llevar y estoy muy contento con el resultado,\u201d<\/em>&nbsp;comenta.<\/p>\n\n\n\n<p>Musicalmente, el tema se apoya en los ritmos y la cadencia de la salsa, reinterpretados desde una producci\u00f3n contempor\u00e1nea que conecta la tradici\u00f3n con una nueva generaci\u00f3n. La canci\u00f3n fue compuesta por LUIS FONSI, FEID, ANDR\u00c9S TORRES y MAURICIO RENGIFO, quienes tambi\u00e9n estuvieron a cargo de la producci\u00f3n junto a&nbsp;<strong>MARCOS S\u00c1NCHEZ<\/strong>.<\/p>\n\n\n\n<p>La colaboraci\u00f3n con FEID surgi\u00f3 de manera natural durante el proceso creativo.&nbsp;<em>\u201cCuando grab\u00e9 la maqueta supe que quer\u00eda una voz con un color distinto, que aporta otra perspectiva. Quer\u00eda trabajar con alguien fresco, con una energ\u00eda muy actual y con un artista a quien admiro profundamente. Sent\u00ed que era el momento perfecto para que Feid y yo hici\u00e9ramos algo completamente diferente y, a la vez, muy especial para el p\u00fablico,\u201d<\/em>&nbsp;a\u00f1ade FONSI.<\/p>\n\n\n\n<p>Para el video oficial, FONSI vuelve a colaborar con el reconocido director&nbsp;<strong>CARLOS P\u00c9REZ<\/strong>, de&nbsp;<strong>Elastic People,<\/strong>&nbsp;y responsable de ic\u00f3nicos videos como<strong><em>&nbsp;\u201cDespacito\u201d, \u201c\u00c9chame La Culpa\u201d, \u201cImposible\u201d&nbsp;<\/em><\/strong>y<strong><em>&nbsp;\u201cRoma\u201d.<\/em><\/strong>&nbsp;Filmado en Puerto Rico, el video captura la esencia y energ\u00eda de la canci\u00f3n, desarrollando una historia que inicia de forma misteriosa y culmina en una vibrante celebraci\u00f3n en las calles.<\/p>\n\n\n\n<p>Cabe destacar que FONSI y FEID se encontraron en&nbsp;<strong>Las<\/strong>&nbsp;<strong>Fiestas de la Calle San Sebasti\u00e1n en San Juan, Puerto Rico<\/strong>, donde sorprendieron con un adelanto exclusivo de&nbsp;<em>\u201cCambiar\u00e9\u201d<\/em>&nbsp;ante la concurrida multitud reunida en las calles y en cuesti\u00f3n de minutos, los videos comenzaron a circular masivamente en plataformas, convirtiendo la aparici\u00f3n en uno de los momentos m\u00e1s comentados del fin de semana.<\/p>\n\n\n\n<figure class=\"wp-block-image size-full\"><img loading=\"lazy\" decoding=\"async\" width=\"942\" height=\"516\" src=\"https:\/\/lapeligrosanororiente.com\/wp-content\/uploads\/2026\/01\/image-2.png\" alt=\"\" class=\"wp-image-10978\" srcset=\"https:\/\/lapeligrosanororiente.com\/wp-content\/uploads\/2026\/01\/image-2.png 942w, https:\/\/lapeligrosanororiente.com\/wp-content\/uploads\/2026\/01\/image-2-300x164.png 300w, https:\/\/lapeligrosanororiente.com\/wp-content\/uploads\/2026\/01\/image-2-768x421.png 768w\" sizes=\"auto, (max-width: 942px) 100vw, 942px\" \/><\/figure>\n","protected":false},"excerpt":{"rendered":"<p> [&hellip;]<\/p>\n","protected":false},"author":3,"featured_media":0,"comment_status":"closed","ping_status":"","sticky":false,"template":"","format":"standard","meta":{"footnotes":""},"categories":[1],"tags":[],"class_list":["post-10976","post","type-post","status-publish","format-standard","hentry","category-noticias"],"_links":{"self":[{"href":"https:\/\/lapeligrosanororiente.com\/index.php?rest_route=\/wp\/v2\/posts\/10976","targetHints":{"allow":["GET"]}}],"collection":[{"href":"https:\/\/lapeligrosanororiente.com\/index.php?rest_route=\/wp\/v2\/posts"}],"about":[{"href":"https:\/\/lapeligrosanororiente.com\/index.php?rest_route=\/wp\/v2\/types\/post"}],"author":[{"embeddable":true,"href":"https:\/\/lapeligrosanororiente.com\/index.php?rest_route=\/wp\/v2\/users\/3"}],"replies":[{"embeddable":true,"href":"https:\/\/lapeligrosanororiente.com\/index.php?rest_route=%2Fwp%2Fv2%2Fcomments&post=10976"}],"version-history":[{"count":1,"href":"https:\/\/lapeligrosanororiente.com\/index.php?rest_route=\/wp\/v2\/posts\/10976\/revisions"}],"predecessor-version":[{"id":10979,"href":"https:\/\/lapeligrosanororiente.com\/index.php?rest_route=\/wp\/v2\/posts\/10976\/revisions\/10979"}],"wp:attachment":[{"href":"https:\/\/lapeligrosanororiente.com\/index.php?rest_route=%2Fwp%2Fv2%2Fmedia&parent=10976"}],"wp:term":[{"taxonomy":"category","embeddable":true,"href":"https:\/\/lapeligrosanororiente.com\/index.php?rest_route=%2Fwp%2Fv2%2Fcategories&post=10976"},{"taxonomy":"post_tag","embeddable":true,"href":"https:\/\/lapeligrosanororiente.com\/index.php?rest_route=%2Fwp%2Fv2%2Ftags&post=10976"}],"curies":[{"name":"wp","href":"https:\/\/api.w.org\/{rel}","templated":true}]}}