{"id":10966,"date":"2025-12-13T10:27:19","date_gmt":"2025-12-13T16:27:19","guid":{"rendered":"https:\/\/lapeligrosanororiente.com\/?p=10966"},"modified":"2025-12-13T10:27:19","modified_gmt":"2025-12-13T16:27:19","slug":"muere-papa-de-selena","status":"publish","type":"post","link":"https:\/\/lapeligrosanororiente.com\/?p=10966","title":{"rendered":"Muere papa de selena"},"content":{"rendered":"\n<figure class=\"wp-block-image size-full\"><img loading=\"lazy\" decoding=\"async\" width=\"862\" height=\"575\" src=\"https:\/\/lapeligrosanororiente.com\/wp-content\/uploads\/2025\/12\/SELENA-1.jpg\" alt=\"\" class=\"wp-image-10967\" srcset=\"https:\/\/lapeligrosanororiente.com\/wp-content\/uploads\/2025\/12\/SELENA-1.jpg 862w, https:\/\/lapeligrosanororiente.com\/wp-content\/uploads\/2025\/12\/SELENA-1-300x200.jpg 300w, https:\/\/lapeligrosanororiente.com\/wp-content\/uploads\/2025\/12\/SELENA-1-768x512.jpg 768w\" sizes=\"auto, (max-width: 862px) 100vw, 862px\" \/><\/figure>\n\n\n\n<p>Hoy falleci\u00f3 Abraham Quintanilla, a los 86 a\u00f1os de edad, padre de Selena Quintanilla, Suzette y A.B. Quintanilla. La noticia fue confirmada por su hijo A.B. a trav\u00e9s de redes sociales con un mensaje breve y doloroso.<\/p>\n\n\n\n<figure class=\"wp-block-image size-large\"><img loading=\"lazy\" decoding=\"async\" width=\"1024\" height=\"768\" src=\"https:\/\/lapeligrosanororiente.com\/wp-content\/uploads\/2025\/12\/SELENA-2-1024x768.jpg\" alt=\"\" class=\"wp-image-10968\" srcset=\"https:\/\/lapeligrosanororiente.com\/wp-content\/uploads\/2025\/12\/SELENA-2-1024x768.jpg 1024w, https:\/\/lapeligrosanororiente.com\/wp-content\/uploads\/2025\/12\/SELENA-2-300x225.jpg 300w, https:\/\/lapeligrosanororiente.com\/wp-content\/uploads\/2025\/12\/SELENA-2-768x576.jpg 768w, https:\/\/lapeligrosanororiente.com\/wp-content\/uploads\/2025\/12\/SELENA-2-1536x1152.jpg 1536w, https:\/\/lapeligrosanororiente.com\/wp-content\/uploads\/2025\/12\/SELENA-2.jpg 1550w\" sizes=\"auto, (max-width: 1024px) 100vw, 1024px\" \/><\/figure>\n\n\n\n<p>\u201cEs con un gran coraz\u00f3n hacerles saber que mi padre falleci\u00f3 hoy.\u201d<\/p>\n\n\n\n<figure class=\"wp-block-image size-large\"><img loading=\"lazy\" decoding=\"async\" width=\"1024\" height=\"731\" src=\"https:\/\/lapeligrosanororiente.com\/wp-content\/uploads\/2025\/12\/SELENA-3-1024x731.jpg\" alt=\"\" class=\"wp-image-10969\" srcset=\"https:\/\/lapeligrosanororiente.com\/wp-content\/uploads\/2025\/12\/SELENA-3-1024x731.jpg 1024w, https:\/\/lapeligrosanororiente.com\/wp-content\/uploads\/2025\/12\/SELENA-3-300x214.jpg 300w, https:\/\/lapeligrosanororiente.com\/wp-content\/uploads\/2025\/12\/SELENA-3-768x549.jpg 768w, https:\/\/lapeligrosanororiente.com\/wp-content\/uploads\/2025\/12\/SELENA-3-1536x1097.jpg 1536w, https:\/\/lapeligrosanororiente.com\/wp-content\/uploads\/2025\/12\/SELENA-3.jpg 1792w\" sizes=\"auto, (max-width: 1024px) 100vw, 1024px\" \/><\/figure>\n\n\n\n<p>Abraham Quintanilla fue una figura clave en la historia de la m\u00fasica tejana y en la carrera de Selena, a quien apoy\u00f3 y gui\u00f3 desde sus inicios. Su legado permanece vivo en la m\u00fasica y en el recuerdo de millones de fans alrededor del mundo.<\/p>\n\n\n\n<p>Descanse en paz. <img loading=\"lazy\" decoding=\"async\" height=\"16\" width=\"16\" alt=\"\ud83e\udd0d\" src=\"https:\/\/static.xx.fbcdn.net\/images\/emoji.php\/v9\/tc5\/1\/16\/1f90d.png\"><\/p>\n","protected":false},"excerpt":{"rendered":"<p> [&hellip;]<\/p>\n","protected":false},"author":3,"featured_media":10970,"comment_status":"closed","ping_status":"","sticky":false,"template":"","format":"standard","meta":{"footnotes":""},"categories":[1],"tags":[],"class_list":["post-10966","post","type-post","status-publish","format-standard","has-post-thumbnail","hentry","category-noticias"],"_links":{"self":[{"href":"https:\/\/lapeligrosanororiente.com\/index.php?rest_route=\/wp\/v2\/posts\/10966","targetHints":{"allow":["GET"]}}],"collection":[{"href":"https:\/\/lapeligrosanororiente.com\/index.php?rest_route=\/wp\/v2\/posts"}],"about":[{"href":"https:\/\/lapeligrosanororiente.com\/index.php?rest_route=\/wp\/v2\/types\/post"}],"author":[{"embeddable":true,"href":"https:\/\/lapeligrosanororiente.com\/index.php?rest_route=\/wp\/v2\/users\/3"}],"replies":[{"embeddable":true,"href":"https:\/\/lapeligrosanororiente.com\/index.php?rest_route=%2Fwp%2Fv2%2Fcomments&post=10966"}],"version-history":[{"count":1,"href":"https:\/\/lapeligrosanororiente.com\/index.php?rest_route=\/wp\/v2\/posts\/10966\/revisions"}],"predecessor-version":[{"id":10971,"href":"https:\/\/lapeligrosanororiente.com\/index.php?rest_route=\/wp\/v2\/posts\/10966\/revisions\/10971"}],"wp:featuredmedia":[{"embeddable":true,"href":"https:\/\/lapeligrosanororiente.com\/index.php?rest_route=\/wp\/v2\/media\/10970"}],"wp:attachment":[{"href":"https:\/\/lapeligrosanororiente.com\/index.php?rest_route=%2Fwp%2Fv2%2Fmedia&parent=10966"}],"wp:term":[{"taxonomy":"category","embeddable":true,"href":"https:\/\/lapeligrosanororiente.com\/index.php?rest_route=%2Fwp%2Fv2%2Fcategories&post=10966"},{"taxonomy":"post_tag","embeddable":true,"href":"https:\/\/lapeligrosanororiente.com\/index.php?rest_route=%2Fwp%2Fv2%2Ftags&post=10966"}],"curies":[{"name":"wp","href":"https:\/\/api.w.org\/{rel}","templated":true}]}}